{"id":13541,"date":"2020-04-21T17:08:33","date_gmt":"2020-04-21T15:08:33","guid":{"rendered":"https:\/\/omjuicers.fr\/?p=13541"},"modified":"2024-05-12T10:22:08","modified_gmt":"2024-05-12T08:22:08","slug":"systeme-immunitaire-coronavirus","status":"publish","type":"post","link":"https:\/\/omjuicers.fr\/fr\/sante\/systeme-immunitaire-coronavirus\/","title":{"rendered":"Notre syst\u00e8me immunitaire et le Coronavirus"},"content":{"rendered":"<p>Ce qui semblait \u00eatre juste \u00ab\u00a0un virus, \u00e0 peine plus qu&rsquo;une grippe saisonni\u00e8re\u00a0\u00bb est en train de bouleverser compl\u00e8tement nos vies, notre soci\u00e9t\u00e9 et notre \u00e9conomie.\u00a0Ce qui paraissait impossible il y a un mois est devenu une \u00e9vidence et nous devons nous adapter, alors j\u2019ai souhait\u00e9 te partager un bout de mon exp\u00e9rience et apporter des id\u00e9es et peut-\u00eatre des cl\u00e9s afin de renforcer notre syst\u00e8me immunitaire et traverser cette p\u00e9riode le mieux possible, \u00e9galement sur le plan mental et \u00e9motionnel.<\/p>\n<h2>Sortir du mode \u00ab\u00a0pilote automatique\u00a0\u00bb<\/h2>\n<p>Durant cette crise sanitaire, m\u00eame ceux qui sont en bonne sant\u00e9 et ne sont pas forc\u00e9ment \u00e0 risque commencent \u00e0 se poser des questions sur le syst\u00e8me immunitaire. C&rsquo;est l\u00e9gitime, la p\u00e9riode est propice aux remises en question, \u00e0 prendre soin de soi et profiter du ralentissement global pour faire un peu le m\u00e9nage dans nos habitudes personnelles.<\/p>\n<p>Alors que nous pouvions fonctionner en \u00ab\u00a0pilote automatique\u00a0\u00bb, les perturbations que nous ont amen\u00e9es la crise sanitaire nous poussent \u00e0 reprendre le contr\u00f4le et le pilotage de nos vie, de notre alimentation et de prendre encore d&rsquo;avantage soin de nous.<\/p>\n<h2>Le syst\u00e8me immunitaire<\/h2>\n<p>Notre syst\u00e8me immunitaire est le gardien de notre bonne sant\u00e9, mais c&rsquo;est une syst\u00e8me fragile. En temps normal et lorsque nous sommes en bonne sant\u00e9, nous sommes pas forc\u00e9ment conscient de ce qui permet de stimuler notre syst\u00e8me immunitaire.<\/p>\n<p>Parmi les \u00e9l\u00e9ments qui affectent n\u00e9gativement notre immunit\u00e9, on compte la nourriture industrielle, les perturbations \u00e9lectromagn\u00e9tiques, les m\u00e9dicaments, le stress et la peur. Si la p\u00e9riode de semi-confinement est propice \u00e0 se remettre \u00e0 cuisiner des bons plats maisons, elle ne nous m\u00e9nage pas avec le stress et la peur. Autant dire, que nous en ramassons un sacr\u00e9 coup depuis le d\u00e9but de la crise sanitaire.<\/p>\n<h2>Que puis-je faire pour prendre soin de moi ?<\/h2>\n<p>Je vous propose une liste de points qui contribueront positivement \u00e0 votre syst\u00e8me immunitaire, \u00e0 votre sant\u00e9 en g\u00e9n\u00e9ral, mais contribueront aussi \u00e0 votre \u00e9quilibre \u00e9motionnel et mental. Ne n\u00e9gligeons pas ces derniers aspects, ce n&rsquo;est peut-\u00eatre pas tellement la crise sanitaire qui est le probl\u00e8me majeur, mais quelle est notre relation \u00e0 la crise sanitaire, comment nous g\u00e9rons le semi-confinement, les craintes \u00e9conomiques, etc.<\/p>\n<p>Il ne s&rsquo;agit pas d&rsquo;\u00eatre un bon \u00e9l\u00e8ve et de suivre chaque point \u00e0 la lettre, mais de rassembler des choses simples dont l&rsquo;impact est important. A chacun de faire ses choix, cette liste n&rsquo;est donc pas une liste de \u00ab\u00a0il faut\u00a0\u00bb qui pourrait vous culpabiliser si vous ne la suivez pas \u00e0 la lettre :<\/p>\n<ul>\n<li>Un sommeil r\u00e9parateur<\/li>\n<li>De l&rsquo;activit\u00e9 physique (sur votre balcon, dans votre jardin)<\/li>\n<li>L&rsquo;arr\u00eat du tabac qui irrite les voies respiratoires et qui favorise le d\u00e9veloppement du virus<\/li>\n<li>La diminution de la nourriture industrielle au profil de fruits, l\u00e9gumes, l\u00e9gumineuse, ol\u00e9agineux, graines germ\u00e9es<\/li>\n<li>D\u00e9sacidifier son organisme avec des m\u00e9langes de bases<\/li>\n<li>S&rsquo;occuper de ses intestins avec des pr\u00e9 et probiotiques (toujours demander l&rsquo;avis d&rsquo;un professionnel afin de ne pas faire plus de mal que de bien)<\/li>\n<li>Se charger en vitamine C et vitamine D (profitez des beaux jours pour prendre des bains de soleil sur votre balcon sans cr\u00e8me solaire)<\/li>\n<li>Boire r\u00e9guli\u00e8rement des jus press\u00e9s \u00e0 l&rsquo;extracteur de jus afin de faire le pleins en min\u00e9raux et vitamines. <a href=\"https:\/\/omjuicers.fr\/fr\/sante\/benefices-des-jus-frais\/\">Voir les b\u00e9n\u00e9fices des jus frais<\/a> et la recette sp\u00e9ciale <a href=\"https:\/\/omjuicers.fr\/fr\/recette\/immunite-printemps\/\">Immunit\u00e9 Printemps 2020<\/a>.<\/li>\n<li>Et apr\u00e8s les jus, n&rsquo;oubliez pas le dernier ingr\u00e9dient essentiel pour prendre soin de notre syst\u00e8me immunitaire : LE RIRE. Laissez de c\u00f4t\u00e9 les informations, les smartphones et tout ce qui contribue \u00e0 un environnement plut\u00f4t anxiog\u00e8ne.<\/li>\n<\/ul>\n<p>Prenez soin de vous !!<\/p>\n","protected":false},"excerpt":{"rendered":"<p>Ce qui semblait \u00eatre juste \u00ab\u00a0un virus, \u00e0 peine plus qu&rsquo;une grippe saisonni\u00e8re\u00a0\u00bb est en train de bouleverser compl\u00e8tement nos vies, notre soci\u00e9t\u00e9 et notre \u00e9conomie.\u00a0Ce qui paraissait impossible il y a un mois est devenu une \u00e9vidence et nous devons nous adapter, alors j\u2019ai souhait\u00e9 te partager un bout de mon exp\u00e9rience et apporter des id\u00e9es et peut-\u00eatre des [&hellip;]<\/p>\n","protected":false},"author":7,"featured_media":13548,"comment_status":"open","ping_status":"open","sticky":false,"template":"","format":"standard","meta":{"_acf_changed":false,"footnotes":""},"categories":[53],"tags":[],"class_list":["post-13541","post","type-post","status-publish","format-standard","has-post-thumbnail","hentry","category-sante"],"acf":{"hide_in_france":false},"_links":{"self":[{"href":"https:\/\/omjuicers.fr\/fr\/wp-json\/wp\/v2\/posts\/13541"}],"collection":[{"href":"https:\/\/omjuicers.fr\/fr\/wp-json\/wp\/v2\/posts"}],"about":[{"href":"https:\/\/omjuicers.fr\/fr\/wp-json\/wp\/v2\/types\/post"}],"author":[{"embeddable":true,"href":"https:\/\/omjuicers.fr\/fr\/wp-json\/wp\/v2\/users\/7"}],"replies":[{"embeddable":true,"href":"https:\/\/omjuicers.fr\/fr\/wp-json\/wp\/v2\/comments?post=13541"}],"version-history":[{"count":8,"href":"https:\/\/omjuicers.fr\/fr\/wp-json\/wp\/v2\/posts\/13541\/revisions"}],"predecessor-version":[{"id":33125,"href":"https:\/\/omjuicers.fr\/fr\/wp-json\/wp\/v2\/posts\/13541\/revisions\/33125"}],"wp:featuredmedia":[{"embeddable":true,"href":"https:\/\/omjuicers.fr\/fr\/wp-json\/wp\/v2\/media\/13548"}],"wp:attachment":[{"href":"https:\/\/omjuicers.fr\/fr\/wp-json\/wp\/v2\/media?parent=13541"}],"wp:term":[{"taxonomy":"category","embeddable":true,"href":"https:\/\/omjuicers.fr\/fr\/wp-json\/wp\/v2\/categories?post=13541"},{"taxonomy":"post_tag","embeddable":true,"href":"https:\/\/omjuicers.fr\/fr\/wp-json\/wp\/v2\/tags?post=13541"}],"curies":[{"name":"wp","href":"https:\/\/api.w.org\/{rel}","templated":true}]}}